{"id":15766,"date":"2026-09-01T06:00:00","date_gmt":"2026-09-01T10:00:00","guid":{"rendered":"https:\/\/cov19longhaulfoundation.org\/?p=15766"},"modified":"2026-08-19T16:14:53","modified_gmt":"2026-08-19T20:14:53","slug":"the-emerging-biology-of-post-covid-viral-reactivation","status":"publish","type":"post","link":"https:\/\/cov19longhaulfoundation.org\/?p=15766","title":{"rendered":"The emerging biology of post-COVID viral reactivation"},"content":{"rendered":"\n<h5 class=\"wp-block-heading\">Abstract<\/h5>\n\n\n\n<p class=\"wp-block-paragraph\">Long COVID, or post-acute sequelae of SARS-CoV-2 infection (PASC), is increasingly understood as a heterogeneous biological syndrome rather than the nonspecific residue of an acute respiratory illness. Among the mechanisms under investigation, reactivation of persistent human viruses has emerged as a particularly intriguing possibility. Epstein\u2013Barr virus (EBV), cytomegalovirus (CMV), herpes simplex virus, human herpesviruses 6 and 7, and anelloviruses can persist within healthy individuals under continuous immune surveillance. SARS-CoV-2 infection can profoundly perturb that surveillance system. The resulting reactivation of latent or persistent viruses may, in some individuals, generate a second wave of antigenic stimulation, inflammatory signaling, endothelial dysfunction, metabolic disturbance, autonomic abnormalities and, potentially, autoimmunity.<\/p>\n\n\n\n<p class=\"wp-block-paragraph\">Recent longitudinal multi-omic research has substantially strengthened this hypothesis. In a large cohort studied with viral transcriptomics, host transcriptomics, immune profiling, proteomics and metabolomics, investigators found temporally distinct reactivation of herpesviruses and anelloviruses during and after acute COVID-19. Persistent viral activity during convalescence was associated with some measures of long-COVID illness.\u00b9 Nevertheless, association is not causation. Viral reactivation may be a consequence of severe illness or immune dysfunction rather than its cause. The critical unanswered question is whether eliminating a reactivated virus improves the clinical phenotype in which it is detected.<\/p>\n\n\n\n<p class=\"wp-block-paragraph\">The emerging picture is therefore neither that &#8220;EBV causes long COVID&#8221; nor that viral reactivation is incidental. Rather, SARS-CoV-2 may disturb the equilibrium between the human host and its persistent virome, creating a subset of patients in whom secondary viral activity becomes an amplifier\u2014or potentially a driver\u2014of chronic disease.<\/p>\n\n\n\n<hr class=\"wp-block-separator has-alpha-channel-opacity\"\/>\n\n\n\n<h5 class=\"wp-block-heading\">Introduction: The Infection That May Not Be Alone<\/h5>\n\n\n\n<p class=\"wp-block-paragraph\">The conventional picture of viral infection is deceptively simple.<\/p>\n\n\n\n<p class=\"wp-block-paragraph\">A virus enters the body, replicates, produces symptoms, encounters the immune system, and is eliminated. Recovery then represents the restoration of physiologic equilibrium.<\/p>\n\n\n\n<p class=\"wp-block-paragraph\">That model works reasonably well for many acute respiratory infections.<\/p>\n\n\n\n<p class=\"wp-block-paragraph\">It is less satisfactory for long COVID.<\/p>\n\n\n\n<p class=\"wp-block-paragraph\">Months after SARS-CoV-2 infection, some patients continue to experience fatigue, post-exertional malaise, cognitive dysfunction, neuropathic symptoms, dyspnea, palpitations, gastrointestinal disturbance, sleep abnormalities and autonomic dysfunction. The syndrome can follow severe COVID-19, but it can also follow an apparently minor infection. Contemporary reviews now recognize several interacting mechanisms, including persistent SARS-CoV-2 antigen, immune dysregulation, autoimmunity, endothelial dysfunction, metabolic abnormalities, autonomic dysfunction, microbiome disturbance and reactivation of latent viruses.\u00b2,\u00b3<\/p>\n\n\n\n<p class=\"wp-block-paragraph\">The viral-reactivation hypothesis introduces an important conceptual change.<\/p>\n\n\n\n<p class=\"wp-block-paragraph\">Perhaps the problem is not simply that SARS-CoV-2 remains.<\/p>\n\n\n\n<p class=\"wp-block-paragraph\">Perhaps SARS-CoV-2 <strong>changes the ecological conditions under which other viruses live inside us<\/strong>.<\/p>\n\n\n\n<p class=\"wp-block-paragraph\">The human body is already host to a remarkable collection of persistent viruses. EBV, CMV, HSV and other herpesviruses can remain for decades, usually held in check by immune surveillance. Anelloviruses are extraordinarily common and can persist without producing recognizable disease.<\/p>\n\n\n\n<p class=\"wp-block-paragraph\">SARS-CoV-2 may disturb this equilibrium.<\/p>\n\n\n\n<p class=\"wp-block-paragraph\">The result could be a form of postviral <strong>virome dysregulation<\/strong> in which the original infection creates conditions allowing previously suppressed viruses to become transcriptionally or replicatively active.<\/p>\n\n\n\n<p class=\"wp-block-paragraph\">The implications are considerable. If reactivation is merely a marker of immune dysfunction, antiviral therapy may accomplish little. If reactivation is a driver of disease, however, it creates an entirely different therapeutic target.<\/p>\n\n\n\n<hr class=\"wp-block-separator has-alpha-channel-opacity\"\/>\n\n\n\n<h5 class=\"wp-block-heading\">I. The Human Virome: A Permanent Biological Companion<\/h5>\n\n\n\n<p class=\"wp-block-paragraph\">Humans are not sterile ecosystems.<\/p>\n\n\n\n<p class=\"wp-block-paragraph\">The human virome includes viruses that establish chronic or latent relationships with their hosts. Some remain almost completely silent; others periodically express viral genes without producing clinically apparent infection.<\/p>\n\n\n\n<p class=\"wp-block-paragraph\">Herpesviruses are the classic examples.<\/p>\n\n\n\n<h5 class=\"wp-block-heading\">Epstein\u2013Barr virus<\/h5>\n\n\n\n<p class=\"wp-block-paragraph\">EBV infects most humans and establishes lifelong latency principally in B lymphocytes.\u00b3,\u2074<\/p>\n\n\n\n<p class=\"wp-block-paragraph\">The virus passes through several biologic states, including:<\/p>\n\n\n\n<ul class=\"wp-block-list\">\n<li>latency;<\/li>\n\n\n\n<li>restricted latent gene expression;<\/li>\n\n\n\n<li>B-cell proliferation;<\/li>\n\n\n\n<li>lytic reactivation;<\/li>\n\n\n\n<li>productive replication;<\/li>\n\n\n\n<li>and renewed establishment of latency.<\/li>\n<\/ul>\n\n\n\n<p class=\"wp-block-paragraph\">The latent-to-lytic transition is controlled by a complex viral transcriptional program. The immediate-early proteins BZLF1 and BRLF1 initiate a cascade that activates viral DNA replication and subsequent structural-gene expression.\u2074,\u2075<\/p>\n\n\n\n<h5 class=\"wp-block-heading\">Cytomegalovirus<\/h5>\n\n\n\n<p class=\"wp-block-paragraph\">CMV establishes persistence primarily within cells of the myeloid lineage and can influence endothelial, epithelial and immune-cell biology.<\/p>\n\n\n\n<p class=\"wp-block-paragraph\">Its reactivation is particularly associated with severe physiologic stress and impaired cellular immune surveillance.<\/p>\n\n\n\n<h5 class=\"wp-block-heading\">Herpes simplex virus<\/h5>\n\n\n\n<p class=\"wp-block-paragraph\">HSV-1 and HSV-2 establish latency within sensory neurons.<\/p>\n\n\n\n<p class=\"wp-block-paragraph\">That anatomical location makes HSV fundamentally different from EBV and CMV. Reactivation can involve viral transcription and axonal transport without necessarily producing substantial circulating viremia.<\/p>\n\n\n\n<h5 class=\"wp-block-heading\">HHV-6 and HHV-7<\/h5>\n\n\n\n<p class=\"wp-block-paragraph\">These viruses establish persistent infections and can reactivate during immune perturbation.<\/p>\n\n\n\n<h5 class=\"wp-block-heading\">Anelloviruses<\/h5>\n\n\n\n<p class=\"wp-block-paragraph\">Anelloviruses are among the most prevalent persistent viruses in humans. Their clinical significance remains uncertain, but their abundance makes them potentially important indicators of the state of the host immune system.<\/p>\n\n\n\n<p class=\"wp-block-paragraph\">The important point is that <strong>viral persistence is normal biology<\/strong>.<\/p>\n\n\n\n<p class=\"wp-block-paragraph\">The question is what happens when SARS-CoV-2 disrupts the equilibrium.<\/p>\n\n\n\n<hr class=\"wp-block-separator has-alpha-channel-opacity\"\/>\n\n\n\n<h5 class=\"wp-block-heading\">II. How SARS-CoV-2 Could Permit Reactivation<\/h5>\n\n\n\n<p class=\"wp-block-paragraph\">Latent viruses do not ordinarily require eradication because the immune system keeps them under control.<\/p>\n\n\n\n<p class=\"wp-block-paragraph\">That surveillance depends on:<\/p>\n\n\n\n<ul class=\"wp-block-list\">\n<li>CD8+ cytotoxic T cells;<\/li>\n\n\n\n<li>CD4+ T cells;<\/li>\n\n\n\n<li>natural-killer cells;<\/li>\n\n\n\n<li>antibody-mediated immunity;<\/li>\n\n\n\n<li>interferon signaling;<\/li>\n\n\n\n<li>antigen presentation;<\/li>\n\n\n\n<li>tissue-resident immune cells;<\/li>\n\n\n\n<li>and intact cellular signaling.<\/li>\n<\/ul>\n\n\n\n<p class=\"wp-block-paragraph\">SARS-CoV-2 can perturb almost every component of this network.<\/p>\n\n\n\n<p class=\"wp-block-paragraph\">Longitudinal immunologic studies have demonstrated persistent abnormalities in T-cell populations, inflammatory signaling and adaptive immunity after SARS-CoV-2 infection.\u2076<\/p>\n\n\n\n<p class=\"wp-block-paragraph\">The resulting condition is not necessarily conventional immunodeficiency.<\/p>\n\n\n\n<p class=\"wp-block-paragraph\">It may instead be <strong>immune misregulation<\/strong>.<\/p>\n\n\n\n<p class=\"wp-block-paragraph\">The immune system may simultaneously be:<\/p>\n\n\n\n<ul class=\"wp-block-list\">\n<li>excessively inflammatory;<\/li>\n\n\n\n<li>inefficient at clearing particular antigens;<\/li>\n\n\n\n<li>metabolically stressed;<\/li>\n\n\n\n<li>depleted of some functional lymphocyte populations;<\/li>\n\n\n\n<li>enriched for exhausted or activated cells;<\/li>\n\n\n\n<li>and redirected toward persistent viral or tissue antigens.<\/li>\n<\/ul>\n\n\n\n<p class=\"wp-block-paragraph\">This creates a paradox:<\/p>\n\n\n\n<p class=\"wp-block-paragraph\"><strong>an immune system that is highly activated can nevertheless be less effective at controlling latent viruses.<\/strong><\/p>\n\n\n\n<p class=\"wp-block-paragraph\">That paradox is characteristic of several chronic viral and inflammatory diseases.<\/p>\n\n\n\n<hr class=\"wp-block-separator has-alpha-channel-opacity\"\/>\n\n\n\n<h5 class=\"wp-block-heading\">III. EBV: The Most Studied Candidate<\/h5>\n\n\n\n<p class=\"wp-block-paragraph\">Of all latent viruses, EBV has generated the strongest long-COVID literature.<\/p>\n\n\n\n<p class=\"wp-block-paragraph\">The biological rationale is compelling.<\/p>\n\n\n\n<p class=\"wp-block-paragraph\">EBV resides within B cells, and SARS-CoV-2 profoundly alters B-cell biology and adaptive immune responses. If immune surveillance becomes dysfunctional, EBV-infected cells may enter a more active transcriptional state.<\/p>\n\n\n\n<p class=\"wp-block-paragraph\">This does not necessarily mean explosive viral replication.<\/p>\n\n\n\n<p class=\"wp-block-paragraph\">There may be a spectrum:<\/p>\n\n\n\n<p class=\"wp-block-paragraph\"><strong>latency \u2192 early lytic transcription \u2192 protein expression \u2192 partial replication \u2192 productive replication.<\/strong><\/p>\n\n\n\n<p class=\"wp-block-paragraph\">Consequently, different laboratory tests detect different stages of the process.<\/p>\n\n\n\n<p class=\"wp-block-paragraph\">A positive EBV antibody test does not necessarily mean active replication.<\/p>\n\n\n\n<p class=\"wp-block-paragraph\">An increase in early-antigen antibodies may suggest recent activity.<\/p>\n\n\n\n<p class=\"wp-block-paragraph\">EBV DNA in blood is stronger evidence.<\/p>\n\n\n\n<p class=\"wp-block-paragraph\">Viral RNA transcripts are stronger still because they demonstrate viral gene expression.<\/p>\n\n\n\n<p class=\"wp-block-paragraph\">The distinction is essential when interpreting long-COVID studies.<\/p>\n\n\n\n<hr class=\"wp-block-separator has-alpha-channel-opacity\"\/>\n\n\n\n<h5 class=\"wp-block-heading\">IV. What the Clinical Evidence Shows About EBV<\/h5>\n\n\n\n<p class=\"wp-block-paragraph\">Several early studies found increased serologic evidence of EBV reactivation among people with persistent symptoms after COVID-19.\u2077\u2013\u2079<\/p>\n\n\n\n<p class=\"wp-block-paragraph\">A particularly influential investigation associated evidence of EBV reactivation with fatigue and cognitive symptoms after SARS-CoV-2 infection.\u2078<\/p>\n\n\n\n<p class=\"wp-block-paragraph\">More recent work has strengthened the association.<\/p>\n\n\n\n<p class=\"wp-block-paragraph\">A 2025 study of patients with persistent fatigue and post-exertional malaise found EBV DNA more frequently among patients with post-COVID symptoms than among recovered controls.\u2079<\/p>\n\n\n\n<p class=\"wp-block-paragraph\">A 2026 study additionally reported increased interferon-\u03b3 responses to EBV peptides among patients with long-term post-COVID symptoms and examined the relationship between EBV reactivation and circulating blood microaggregates.\u00b9\u2070<\/p>\n\n\n\n<p class=\"wp-block-paragraph\">These observations are intriguing but must be interpreted cautiously.<\/p>\n\n\n\n<p class=\"wp-block-paragraph\">An EBV-reactivation signal could mean:<\/p>\n\n\n\n<ol start=\"1\" class=\"wp-block-list\">\n<li>EBV contributes directly to symptoms;<\/li>\n\n\n\n<li>EBV amplifies an inflammatory process initiated by SARS-CoV-2;<\/li>\n\n\n\n<li>long COVID causes immune abnormalities that permit EBV reactivation;<\/li>\n\n\n\n<li>or both EBV and long COVID reflect another underlying immunologic disturbance.<\/li>\n<\/ol>\n\n\n\n<p class=\"wp-block-paragraph\">Only prospective intervention can reliably distinguish these possibilities.<\/p>\n\n\n\n<hr class=\"wp-block-separator has-alpha-channel-opacity\"\/>\n\n\n\n<h5 class=\"wp-block-heading\">V. The 2026 Multi-Omic Breakthrough<\/h5>\n\n\n\n<p class=\"wp-block-paragraph\">The strongest recent evidence comes from a large longitudinal investigation of viral reactivation during and after COVID-19.<\/p>\n\n\n\n<p class=\"wp-block-paragraph\">Researchers analyzed more than 1,100 hospitalized patients using an unusually broad collection of measurements, including viral RNA sequencing, host transcriptomics, immune-cell profiling, cytokines, proteomics and metabolomics.\u00b9<\/p>\n\n\n\n<p class=\"wp-block-paragraph\">This matters because earlier studies frequently relied upon indirect markers such as antibody titers.<\/p>\n\n\n\n<p class=\"wp-block-paragraph\">The investigators instead asked:<\/p>\n\n\n\n<p class=\"wp-block-paragraph\"><strong>Which viruses are transcriptionally active, when do they become active, where are they detected, and what happens to the host simultaneously?<\/strong><\/p>\n\n\n\n<p class=\"wp-block-paragraph\">They found evidence of reactivation involving multiple viral families, including:<\/p>\n\n\n\n<ul class=\"wp-block-list\">\n<li>Herpesviridae;<\/li>\n\n\n\n<li>Anelloviridae;<\/li>\n\n\n\n<li>and other persistent or chronic viruses.<\/li>\n<\/ul>\n\n\n\n<p class=\"wp-block-paragraph\">Different viruses followed different temporal trajectories.<\/p>\n\n\n\n<p class=\"wp-block-paragraph\">EBV tended to appear earlier.<\/p>\n\n\n\n<p class=\"wp-block-paragraph\">CMV and HSV-1 demonstrated different kinetics.<\/p>\n\n\n\n<p class=\"wp-block-paragraph\">Anelloviridae showed another pattern, including persistent activity into convalescence.<\/p>\n\n\n\n<p class=\"wp-block-paragraph\">This finding undermines the simplistic idea that &#8220;viral reactivation&#8221; represents one biological event.<\/p>\n\n\n\n<p class=\"wp-block-paragraph\">It is better understood as a <strong>dynamic alteration of the host&#8217;s viral ecosystem<\/strong>.<\/p>\n\n\n\n<hr class=\"wp-block-separator has-alpha-channel-opacity\"\/>\n\n\n\n<h5 class=\"wp-block-heading\">VI. A New Concept: Virome Dysregulation<\/h5>\n\n\n\n<p class=\"wp-block-paragraph\">The most interesting implication of the multi-omic findings may be conceptual rather than diagnostic.<\/p>\n\n\n\n<p class=\"wp-block-paragraph\">Suppose the human virome normally exists in equilibrium:<\/p>\n\n\n\n<p class=\"wp-block-paragraph\"><strong>latent viruses \u2194 immune surveillance<\/strong><\/p>\n\n\n\n<p class=\"wp-block-paragraph\">SARS-CoV-2 introduces a major perturbation:<\/p>\n\n\n\n<p class=\"wp-block-paragraph\"><strong>SARS-CoV-2 \u2192 immune dysregulation \u2192 loss of viral equilibrium \u2192 secondary viral activity<\/strong><\/p>\n\n\n\n<p class=\"wp-block-paragraph\">The secondary viruses then produce additional antigens and stimulate the immune system.<\/p>\n\n\n\n<p class=\"wp-block-paragraph\">The system becomes:<\/p>\n\n\n\n<p class=\"wp-block-paragraph\"><strong>SARS-CoV-2 \u2192 immune disruption \u2192 viral reactivation \u2192 inflammation \u2192 further immune disruption.<\/strong><\/p>\n\n\n\n<p class=\"wp-block-paragraph\">This may constitute a positive feedback loop.<\/p>\n\n\n\n<p class=\"wp-block-paragraph\">The original virus does not necessarily need to remain continuously replicative.<\/p>\n\n\n\n<p class=\"wp-block-paragraph\">It may only need to initiate an immunologic state that permits another virus to become active.<\/p>\n\n\n\n<hr class=\"wp-block-separator has-alpha-channel-opacity\"\/>\n\n\n\n<h5 class=\"wp-block-heading\">VII. CMV: A Potential Vascular Amplifier<\/h5>\n\n\n\n<p class=\"wp-block-paragraph\">CMV deserves special consideration because of its relationship to immune and endothelial physiology.<\/p>\n\n\n\n<p class=\"wp-block-paragraph\">CMV can affect:<\/p>\n\n\n\n<ul class=\"wp-block-list\">\n<li>endothelial cells;<\/li>\n\n\n\n<li>monocytes;<\/li>\n\n\n\n<li>T cells;<\/li>\n\n\n\n<li>NK cells;<\/li>\n\n\n\n<li>vascular signaling;<\/li>\n\n\n\n<li>and inflammatory pathways.<\/li>\n<\/ul>\n\n\n\n<p class=\"wp-block-paragraph\">The 2026 longitudinal study found CMV activity with distinct kinetics from EBV.\u00b9<\/p>\n\n\n\n<p class=\"wp-block-paragraph\">This raises the possibility that CMV reactivation could contribute to a different long-COVID phenotype from EBV.<\/p>\n\n\n\n<p class=\"wp-block-paragraph\">One hypothetical pathway is:<\/p>\n\n\n\n<p class=\"wp-block-paragraph\"><strong>SARS-CoV-2 endothelial injury<\/strong><\/p>\n\n\n\n<p class=\"wp-block-paragraph\">plus<\/p>\n\n\n\n<p class=\"wp-block-paragraph\"><strong>CMV reactivation<\/strong><\/p>\n\n\n\n<p class=\"wp-block-paragraph\">leading to<\/p>\n\n\n\n<p class=\"wp-block-paragraph\"><strong>persistent endothelial activation<\/strong><\/p>\n\n\n\n<p class=\"wp-block-paragraph\">followed by:<\/p>\n\n\n\n<ul class=\"wp-block-list\">\n<li>impaired vasodilation;<\/li>\n\n\n\n<li>altered platelet-endothelial interactions;<\/li>\n\n\n\n<li>inflammatory signaling;<\/li>\n\n\n\n<li>microvascular dysfunction;<\/li>\n\n\n\n<li>and impaired tissue perfusion.<\/li>\n<\/ul>\n\n\n\n<p class=\"wp-block-paragraph\">The hypothesis is attractive because vascular dysfunction is increasingly recognized as one component of long COVID.\u00b2,\u00b3<\/p>\n\n\n\n<p class=\"wp-block-paragraph\">But it remains a hypothesis.<\/p>\n\n\n\n<hr class=\"wp-block-separator has-alpha-channel-opacity\"\/>\n\n\n\n<h5 class=\"wp-block-heading\">VIII. HSV and the Problem of Invisible Tissue Reactivation<\/h5>\n\n\n\n<p class=\"wp-block-paragraph\">HSV illustrates one of the fundamental limitations of blood testing.<\/p>\n\n\n\n<p class=\"wp-block-paragraph\">HSV establishes latency inside sensory neurons.<\/p>\n\n\n\n<p class=\"wp-block-paragraph\">If reactivation occurs within a ganglion or neural tissue, there may be little or no detectable virus in peripheral blood.<\/p>\n\n\n\n<p class=\"wp-block-paragraph\">A patient could therefore theoretically have:<\/p>\n\n\n\n<p class=\"wp-block-paragraph\"><strong>neural HSV reactivation \u2192 local inflammatory signaling \u2192 neuropathic or autonomic dysfunction<\/strong><\/p>\n\n\n\n<p class=\"wp-block-paragraph\">without:<\/p>\n\n\n\n<p class=\"wp-block-paragraph\"><strong>detectable blood viremia.<\/strong><\/p>\n\n\n\n<p class=\"wp-block-paragraph\">This raises an important methodological principle:<\/p>\n\n\n\n<blockquote class=\"wp-block-quote is-layout-flow wp-block-quote-is-layout-flow\">\n<p class=\"wp-block-paragraph\"><strong>A negative blood test does not necessarily exclude tissue-specific viral reactivation.<\/strong><\/p>\n<\/blockquote>\n\n\n\n<p class=\"wp-block-paragraph\">Future research will therefore need increasingly sophisticated approaches to determine whether particular tissues contain transcriptionally active virus.<\/p>\n\n\n\n<hr class=\"wp-block-separator has-alpha-channel-opacity\"\/>\n\n\n\n<h5 class=\"wp-block-heading\">IX. Anelloviruses: Signal or Pathogen?<\/h5>\n\n\n\n<p class=\"wp-block-paragraph\">The findings concerning Anelloviridae are particularly provocative.<\/p>\n\n\n\n<p class=\"wp-block-paragraph\">Anelloviruses are widespread and persistent. Their presence is not, by itself, evidence of disease.<\/p>\n\n\n\n<p class=\"wp-block-paragraph\">Yet persistent Anelloviridae transcription during convalescence was associated in the 2026 study with measures of physical impairment and fatigue.\u00b9<\/p>\n\n\n\n<p class=\"wp-block-paragraph\">There are at least three possible interpretations.<\/p>\n\n\n\n<h5 class=\"wp-block-heading\">Interpretation 1: Anelloviruses are pathogenic<\/h5>\n\n\n\n<p class=\"wp-block-paragraph\">The viruses themselves may contribute to chronic disease.<\/p>\n\n\n\n<h5 class=\"wp-block-heading\">Interpretation 2: They are immunologic biomarkers<\/h5>\n\n\n\n<p class=\"wp-block-paragraph\">Anellovirus activity may reflect inadequate immune surveillance.<\/p>\n\n\n\n<h5 class=\"wp-block-heading\">Interpretation 3: They are ecological indicators<\/h5>\n\n\n\n<p class=\"wp-block-paragraph\">Changes in anellovirus activity may indicate that the entire virome has become destabilized.<\/p>\n\n\n\n<p class=\"wp-block-paragraph\">The third possibility is particularly interesting.<\/p>\n\n\n\n<p class=\"wp-block-paragraph\">Anelloviruses could eventually become <strong>biomarkers of host immune state<\/strong>, even if they are not themselves pathogenic.<\/p>\n\n\n\n<hr class=\"wp-block-separator has-alpha-channel-opacity\"\/>\n\n\n\n<h5 class=\"wp-block-heading\">X. The Host Response May Be More Important Than the Virus<\/h5>\n\n\n\n<p class=\"wp-block-paragraph\">A reactivated virus does not necessarily need to destroy tissue directly.<\/p>\n\n\n\n<p class=\"wp-block-paragraph\">It may instead activate the host immune system.<\/p>\n\n\n\n<p class=\"wp-block-paragraph\">The 2026 study found associations between viral reactivation and changes in:<\/p>\n\n\n\n<ul class=\"wp-block-list\">\n<li>cytokines;<\/li>\n\n\n\n<li>T-cell populations;<\/li>\n\n\n\n<li>monocyte activity;<\/li>\n\n\n\n<li>transcriptional programs;<\/li>\n\n\n\n<li>metabolism;<\/li>\n\n\n\n<li>platelet pathways;<\/li>\n\n\n\n<li>and inflammatory signaling.\u00b9<\/li>\n<\/ul>\n\n\n\n<p class=\"wp-block-paragraph\">This suggests that secondary viral activity may function as an <strong>immune amplifier<\/strong>.<\/p>\n\n\n\n<p class=\"wp-block-paragraph\">The mechanism might therefore be:<\/p>\n\n\n\n<p class=\"wp-block-paragraph\"><strong>virus \u2192 immune activation \u2192 tissue dysfunction<\/strong><\/p>\n\n\n\n<p class=\"wp-block-paragraph\">rather than:<\/p>\n\n\n\n<p class=\"wp-block-paragraph\"><strong>virus \u2192 direct cytotoxicity \u2192 tissue destruction.<\/strong><\/p>\n\n\n\n<p class=\"wp-block-paragraph\">This distinction could explain why conventional imaging may appear relatively normal in some severely symptomatic patients.<\/p>\n\n\n\n<p class=\"wp-block-paragraph\">Functional disturbances can occur without extensive anatomical destruction.<\/p>\n\n\n\n<hr class=\"wp-block-separator has-alpha-channel-opacity\"\/>\n\n\n\n<h5 class=\"wp-block-heading\">XI. Cytokines and the Inflammatory Feed-Forward Loop<\/h5>\n\n\n\n<p class=\"wp-block-paragraph\">Viral reactivation can stimulate interferons, chemokines and inflammatory cytokines.<\/p>\n\n\n\n<p class=\"wp-block-paragraph\">Among the pathways implicated in recent studies are:<\/p>\n\n\n\n<ul class=\"wp-block-list\">\n<li>IL-6;<\/li>\n\n\n\n<li>IL-10;<\/li>\n\n\n\n<li>CXCL10;<\/li>\n\n\n\n<li>CXCL11;<\/li>\n\n\n\n<li>tumor-necrosis-factor signaling;<\/li>\n\n\n\n<li>and pathways involving T-cell activation.\u00b9<\/li>\n<\/ul>\n\n\n\n<p class=\"wp-block-paragraph\">A possible sequence is:<\/p>\n\n\n\n<p class=\"wp-block-paragraph\"><strong>viral antigen<\/strong><\/p>\n\n\n\n<p class=\"wp-block-paragraph\">\u2193<\/p>\n\n\n\n<p class=\"wp-block-paragraph\"><strong>pattern-recognition receptors<\/strong><\/p>\n\n\n\n<p class=\"wp-block-paragraph\">\u2193<\/p>\n\n\n\n<p class=\"wp-block-paragraph\"><strong>interferon signaling<\/strong><\/p>\n\n\n\n<p class=\"wp-block-paragraph\">\u2193<\/p>\n\n\n\n<p class=\"wp-block-paragraph\"><strong>chemokine production<\/strong><\/p>\n\n\n\n<p class=\"wp-block-paragraph\">\u2193<\/p>\n\n\n\n<p class=\"wp-block-paragraph\"><strong>monocyte and lymphocyte recruitment<\/strong><\/p>\n\n\n\n<p class=\"wp-block-paragraph\">\u2193<\/p>\n\n\n\n<p class=\"wp-block-paragraph\"><strong>endothelial activation<\/strong><\/p>\n\n\n\n<p class=\"wp-block-paragraph\">\u2193<\/p>\n\n\n\n<p class=\"wp-block-paragraph\"><strong>tissue inflammation<\/strong><\/p>\n\n\n\n<p class=\"wp-block-paragraph\">\u2193<\/p>\n\n\n\n<p class=\"wp-block-paragraph\"><strong>additional release of self-antigens<\/strong><\/p>\n\n\n\n<p class=\"wp-block-paragraph\">\u2193<\/p>\n\n\n\n<p class=\"wp-block-paragraph\"><strong>autoimmune activation<\/strong><\/p>\n\n\n\n<p class=\"wp-block-paragraph\">The result is a system in which viral reactivation can indirectly contribute to pathology even if viral replication itself is modest.<\/p>\n\n\n\n<hr class=\"wp-block-separator has-alpha-channel-opacity\"\/>\n\n\n\n<h5 class=\"wp-block-heading\">XII. Viral Reactivation and Autoimmunity<\/h5>\n\n\n\n<p class=\"wp-block-paragraph\">The relationship between viral reactivation and autoimmunity is especially important.<\/p>\n\n\n\n<p class=\"wp-block-paragraph\">EBV is already implicated in several autoimmune diseases, including multiple sclerosis and systemic lupus erythematosus.\u00b9\u00b9,\u00b9\u00b2<\/p>\n\n\n\n<p class=\"wp-block-paragraph\">Several mechanisms may explain this relationship.<\/p>\n\n\n\n<h5 class=\"wp-block-heading\">Molecular mimicry<\/h5>\n\n\n\n<p class=\"wp-block-paragraph\">A viral antigen may resemble a host protein.<\/p>\n\n\n\n<h5 class=\"wp-block-heading\">B-cell stimulation<\/h5>\n\n\n\n<p class=\"wp-block-paragraph\">EBV directly alters B-cell biology.<\/p>\n\n\n\n<h5 class=\"wp-block-heading\">Bystander activation<\/h5>\n\n\n\n<p class=\"wp-block-paragraph\">Inflammation may activate autoreactive lymphocytes that were previously quiescent.<\/p>\n\n\n\n<h5 class=\"wp-block-heading\">Epitope spreading<\/h5>\n\n\n\n<p class=\"wp-block-paragraph\">Tissue injury can expose new self-antigens.<\/p>\n\n\n\n<h5 class=\"wp-block-heading\">Altered antigen presentation<\/h5>\n\n\n\n<p class=\"wp-block-paragraph\">Inflammation changes which peptides are presented to T cells.<\/p>\n\n\n\n<p class=\"wp-block-paragraph\">Thus, viral reactivation could potentially transform an acute antiviral response into a chronic autoimmune state.<\/p>\n\n\n\n<p class=\"wp-block-paragraph\">The sequence might become:<\/p>\n\n\n\n<p class=\"wp-block-paragraph\"><strong>SARS-CoV-2 \u2192 EBV reactivation \u2192 B-cell activation \u2192 autoreactive clones \u2192 chronic inflammation.<\/strong><\/p>\n\n\n\n<p class=\"wp-block-paragraph\">This is one reason viral reactivation and autoimmunity should not be considered competing hypotheses.<\/p>\n\n\n\n<p class=\"wp-block-paragraph\">They may represent successive stages of the same process.<\/p>\n\n\n\n<hr class=\"wp-block-separator has-alpha-channel-opacity\"\/>\n\n\n\n<h5 class=\"wp-block-heading\">XIII. Endothelial Dysfunction<\/h5>\n\n\n\n<p class=\"wp-block-paragraph\">The endothelium may be one of the major convergence points for SARS-CoV-2 and secondary viral infection.<\/p>\n\n\n\n<p class=\"wp-block-paragraph\">Both SARS-CoV-2 and CMV can affect endothelial biology.<\/p>\n\n\n\n<p class=\"wp-block-paragraph\">Endothelial activation can produce:<\/p>\n\n\n\n<ul class=\"wp-block-list\">\n<li>reduced nitric-oxide availability;<\/li>\n\n\n\n<li>abnormal vasoconstriction;<\/li>\n\n\n\n<li>increased vascular permeability;<\/li>\n\n\n\n<li>platelet activation;<\/li>\n\n\n\n<li>leukocyte adhesion;<\/li>\n\n\n\n<li>complement activation;<\/li>\n\n\n\n<li>and altered microvascular flow.<\/li>\n<\/ul>\n\n\n\n<p class=\"wp-block-paragraph\">A 2026 <em>Scientific Reports<\/em> study reported an association among EBV reactivation, circulating blood microaggregates and persistent post-COVID symptoms.\u00b9\u2070<\/p>\n\n\n\n<p class=\"wp-block-paragraph\">The study is provocative, but it should not be interpreted as establishing that so-called &#8220;microclots&#8221; cause long COVID.<\/p>\n\n\n\n<p class=\"wp-block-paragraph\">The more cautious conclusion is that <strong>viral reactivation and abnormal blood-cell or platelet behavior may coexist within a broader inflammatory vascular state<\/strong>.<\/p>\n\n\n\n<p class=\"wp-block-paragraph\">That relationship deserves controlled mechanistic investigation.<\/p>\n\n\n\n<hr class=\"wp-block-separator has-alpha-channel-opacity\"\/>\n\n\n\n<h5 class=\"wp-block-heading\">XIV. The Nervous System<\/h5>\n\n\n\n<p class=\"wp-block-paragraph\">The nervous system is particularly vulnerable to disturbances in immune and vascular homeostasis.<\/p>\n\n\n\n<p class=\"wp-block-paragraph\">Several mechanisms may converge:<\/p>\n\n\n\n<ul class=\"wp-block-list\">\n<li>neuroinflammation;<\/li>\n\n\n\n<li>endothelial dysfunction;<\/li>\n\n\n\n<li>blood\u2013brain-barrier impairment;<\/li>\n\n\n\n<li>altered cerebral perfusion;<\/li>\n\n\n\n<li>autonomic dysfunction;<\/li>\n\n\n\n<li>mitochondrial stress;<\/li>\n\n\n\n<li>autoimmunity;<\/li>\n\n\n\n<li>and possibly neurotropic viral reactivation.<\/li>\n<\/ul>\n\n\n\n<p class=\"wp-block-paragraph\">The blood\u2013brain barrier normally protects neural tissue from circulating immune mediators.<\/p>\n\n\n\n<p class=\"wp-block-paragraph\">Long COVID has been associated with abnormalities in this barrier and with persistent systemic inflammation.\u00b9\u00b3<\/p>\n\n\n\n<p class=\"wp-block-paragraph\">If viral reactivation simultaneously increases systemic immune signaling, the nervous system may become particularly susceptible.<\/p>\n\n\n\n<p class=\"wp-block-paragraph\">This provides a potential biological bridge to:<\/p>\n\n\n\n<ul class=\"wp-block-list\">\n<li>brain fog;<\/li>\n\n\n\n<li>cognitive slowing;<\/li>\n\n\n\n<li>headaches;<\/li>\n\n\n\n<li>sensory symptoms;<\/li>\n\n\n\n<li>autonomic dysfunction;<\/li>\n\n\n\n<li>neuropathic pain;<\/li>\n\n\n\n<li>and post-exertional neurological worsening.<\/li>\n<\/ul>\n\n\n\n<hr class=\"wp-block-separator has-alpha-channel-opacity\"\/>\n\n\n\n<h5 class=\"wp-block-heading\">XV. Mitochondrial Physiology<\/h5>\n\n\n\n<p class=\"wp-block-paragraph\">Viruses are metabolically demanding organisms.<\/p>\n\n\n\n<p class=\"wp-block-paragraph\">Replication requires:<\/p>\n\n\n\n<ul class=\"wp-block-list\">\n<li>nucleotides;<\/li>\n\n\n\n<li>amino acids;<\/li>\n\n\n\n<li>lipids;<\/li>\n\n\n\n<li>ATP;<\/li>\n\n\n\n<li>and extensive host-cell biosynthetic activity.<\/li>\n<\/ul>\n\n\n\n<p class=\"wp-block-paragraph\">Viral reactivation can therefore alter cellular metabolism.<\/p>\n\n\n\n<p class=\"wp-block-paragraph\">At the same time, chronic inflammatory signaling can impair mitochondrial oxidative phosphorylation and increase oxidative stress.<\/p>\n\n\n\n<p class=\"wp-block-paragraph\">The result could be a vicious cycle:<\/p>\n\n\n\n<p class=\"wp-block-paragraph\"><strong>inflammation \u2192 mitochondrial dysfunction \u2192 metabolic stress \u2192 impaired immune regulation \u2192 greater susceptibility to viral reactivation.<\/strong><\/p>\n\n\n\n<p class=\"wp-block-paragraph\">This mechanism is particularly relevant to fatigue.<\/p>\n\n\n\n<p class=\"wp-block-paragraph\">A patient may have apparently adequate resting energy production but inadequate metabolic reserve when physiologic demand increases.<\/p>\n\n\n\n<p class=\"wp-block-paragraph\">That conceptual framework is consistent with the characteristic phenomenon of post-exertional malaise, although it does not establish that viral reactivation is its cause.<\/p>\n\n\n\n<hr class=\"wp-block-separator has-alpha-channel-opacity\"\/>\n\n\n\n<h5 class=\"wp-block-heading\">XVI. Genomics: Why Some People Reactivate Viruses<\/h5>\n\n\n\n<p class=\"wp-block-paragraph\">The existence of viral reactivation after SARS-CoV-2 raises a fundamental question:<\/p>\n\n\n\n<p class=\"wp-block-paragraph\"><strong>Why one person and not another?<\/strong><\/p>\n\n\n\n<p class=\"wp-block-paragraph\">Host genetics almost certainly contributes.<\/p>\n\n\n\n<p class=\"wp-block-paragraph\">EBV biology provides a useful model.<\/p>\n\n\n\n<p class=\"wp-block-paragraph\">The ability to control EBV depends upon genetic determinants affecting:<\/p>\n\n\n\n<ul class=\"wp-block-list\">\n<li>antigen presentation;<\/li>\n\n\n\n<li>CD8+ T-cell responses;<\/li>\n\n\n\n<li>NK-cell signaling;<\/li>\n\n\n\n<li>cytokine pathways;<\/li>\n\n\n\n<li>B-cell regulation;<\/li>\n\n\n\n<li>and immune tolerance.<\/li>\n<\/ul>\n\n\n\n<p class=\"wp-block-paragraph\">Recent genomic research has identified substantial genetic and immunologic determinants of EBV-associated disease.\u00b9\u2074<\/p>\n\n\n\n<p class=\"wp-block-paragraph\">HLA variation is particularly important because HLA molecules determine which viral peptides are presented to T cells.<\/p>\n\n\n\n<p class=\"wp-block-paragraph\">Thus:<\/p>\n\n\n\n<p class=\"wp-block-paragraph\"><strong>host genotype \u2192 antigen presentation \u2192 antiviral surveillance \u2192 latent-virus control<\/strong><\/p>\n\n\n\n<p class=\"wp-block-paragraph\">could influence susceptibility to post-COVID viral reactivation.<\/p>\n\n\n\n<p class=\"wp-block-paragraph\">The same principle may apply to CMV, HSV and other persistent viruses.<\/p>\n\n\n\n<hr class=\"wp-block-separator has-alpha-channel-opacity\"\/>\n\n\n\n<h5 class=\"wp-block-heading\">XVII. Viral Genomics<\/h5>\n\n\n\n<p class=\"wp-block-paragraph\">The viruses themselves are genetically heterogeneous.<\/p>\n\n\n\n<p class=\"wp-block-paragraph\">EBV strains contain substantial sequence variation, and recent sequencing studies have identified geographic and disease-associated genomic differences.\u00b9\u2075<\/p>\n\n\n\n<p class=\"wp-block-paragraph\">Viral genomic variation may influence:<\/p>\n\n\n\n<ul class=\"wp-block-list\">\n<li>cell tropism;<\/li>\n\n\n\n<li>immune evasion;<\/li>\n\n\n\n<li>transcriptional programs;<\/li>\n\n\n\n<li>latency;<\/li>\n\n\n\n<li>reactivation;<\/li>\n\n\n\n<li>and molecular mimicry.<\/li>\n<\/ul>\n\n\n\n<p class=\"wp-block-paragraph\">For long COVID, this raises another unresolved question:<\/p>\n\n\n\n<p class=\"wp-block-paragraph\"><strong>Could particular viral strains be more likely to reactivate after SARS-CoV-2 infection?<\/strong><\/p>\n\n\n\n<p class=\"wp-block-paragraph\">There is currently insufficient evidence to answer that question.<\/p>\n\n\n\n<p class=\"wp-block-paragraph\">But it is increasingly technically feasible.<\/p>\n\n\n\n<p class=\"wp-block-paragraph\">Future studies could sequence:<\/p>\n\n\n\n<ol start=\"1\" class=\"wp-block-list\">\n<li>the SARS-CoV-2 infecting strain;<\/li>\n\n\n\n<li>the patient&#8217;s EBV\/CMV\/HSV genome;<\/li>\n\n\n\n<li>host HLA genotype;<\/li>\n\n\n\n<li>immune-cell repertoire;<\/li>\n\n\n\n<li>and viral transcripts.<\/li>\n<\/ol>\n\n\n\n<p class=\"wp-block-paragraph\">This would permit a genuinely mechanistic analysis of host\u2013virus interactions.<\/p>\n\n\n\n<hr class=\"wp-block-separator has-alpha-channel-opacity\"\/>\n\n\n\n<h5 class=\"wp-block-heading\">XVIII. Persistent SARS-CoV-2 Versus Reactivated Viruses<\/h5>\n\n\n\n<p class=\"wp-block-paragraph\">An essential distinction must be made between two phenomena.<\/p>\n\n\n\n<h5 class=\"wp-block-heading\">Persistent SARS-CoV-2<\/h5>\n\n\n\n<p class=\"wp-block-paragraph\">SARS-CoV-2 itself or its components may remain detectable in tissues after acute infection.<\/p>\n\n\n\n<h5 class=\"wp-block-heading\">Secondary viral reactivation<\/h5>\n\n\n\n<p class=\"wp-block-paragraph\">A different persistent virus\u2014such as EBV or CMV\u2014becomes transcriptionally or replicatively active.<\/p>\n\n\n\n<p class=\"wp-block-paragraph\">The two mechanisms may coexist.<\/p>\n\n\n\n<p class=\"wp-block-paragraph\">Indeed, they may reinforce one another.<\/p>\n\n\n\n<p class=\"wp-block-paragraph\">Persistent SARS-CoV-2 antigen could maintain immune activation.<\/p>\n\n\n\n<p class=\"wp-block-paragraph\">That immune dysregulation could permit EBV or CMV reactivation.<\/p>\n\n\n\n<p class=\"wp-block-paragraph\">The secondary virus could then add another layer of inflammatory signaling.<\/p>\n\n\n\n<p class=\"wp-block-paragraph\">Thus some long-COVID patients may experience a <strong>multi-virus state<\/strong> rather than a single persistent infection.<\/p>\n\n\n\n<hr class=\"wp-block-separator has-alpha-channel-opacity\"\/>\n\n\n\n<h5 class=\"wp-block-heading\">XIX. The Clinical Course<\/h5>\n\n\n\n<p class=\"wp-block-paragraph\">The clinical course of viral-reactivation-associated long COVID can be conceptualized in four stages.<\/p>\n\n\n\n<h5 class=\"wp-block-heading\">Stage 1: Acute SARS-CoV-2 infection<\/h5>\n\n\n\n<p class=\"wp-block-paragraph\">The initial infection produces:<\/p>\n\n\n\n<ul class=\"wp-block-list\">\n<li>viral replication;<\/li>\n\n\n\n<li>innate immune activation;<\/li>\n\n\n\n<li>cytokine signaling;<\/li>\n\n\n\n<li>endothelial stress;<\/li>\n\n\n\n<li>lymphocyte redistribution.<\/li>\n<\/ul>\n\n\n\n<p class=\"wp-block-paragraph\">Latent viruses may reactivate during this period.<\/p>\n\n\n\n<p class=\"wp-block-paragraph\">In severe COVID-19, reactivation may simply reflect critical illness.<\/p>\n\n\n\n<h5 class=\"wp-block-heading\">Stage 2: Early convalescence<\/h5>\n\n\n\n<p class=\"wp-block-paragraph\">SARS-CoV-2 declines.<\/p>\n\n\n\n<p class=\"wp-block-paragraph\">The patient may nevertheless continue to experience:<\/p>\n\n\n\n<ul class=\"wp-block-list\">\n<li>fatigue;<\/li>\n\n\n\n<li>cognitive dysfunction;<\/li>\n\n\n\n<li>dyspnea;<\/li>\n\n\n\n<li>palpitations;<\/li>\n\n\n\n<li>sleep abnormalities;<\/li>\n\n\n\n<li>sensory symptoms.<\/li>\n<\/ul>\n\n\n\n<p class=\"wp-block-paragraph\">Some viral-reactivation signals decline.<\/p>\n\n\n\n<p class=\"wp-block-paragraph\">Others persist.<\/p>\n\n\n\n<h5 class=\"wp-block-heading\">Stage 3: Established PASC<\/h5>\n\n\n\n<p class=\"wp-block-paragraph\">A subset develops persistent disease.<\/p>\n\n\n\n<p class=\"wp-block-paragraph\">At this stage, continued viral activity may potentially maintain:<\/p>\n\n\n\n<ul class=\"wp-block-list\">\n<li>inflammation;<\/li>\n\n\n\n<li>immune dysregulation;<\/li>\n\n\n\n<li>endothelial dysfunction;<\/li>\n\n\n\n<li>metabolic abnormalities;<\/li>\n\n\n\n<li>and neurological symptoms.<\/li>\n<\/ul>\n\n\n\n<h5 class=\"wp-block-heading\">Stage 4: Relapsing or resolving disease<\/h5>\n\n\n\n<p class=\"wp-block-paragraph\">Some patients gradually recover.<\/p>\n\n\n\n<p class=\"wp-block-paragraph\">Others have a fluctuating course.<\/p>\n\n\n\n<p class=\"wp-block-paragraph\">The possibility that intermittent viral reactivation contributes to relapses is biologically plausible but presently unproven.<\/p>\n\n\n\n<hr class=\"wp-block-separator has-alpha-channel-opacity\"\/>\n\n\n\n<h5 class=\"wp-block-heading\">XX. Why Relapses Are Scientifically Interesting<\/h5>\n\n\n\n<p class=\"wp-block-paragraph\">Many patients describe long COVID as a disease that is not static.<\/p>\n\n\n\n<p class=\"wp-block-paragraph\">Symptoms can improve and then abruptly worsen.<\/p>\n\n\n\n<p class=\"wp-block-paragraph\">Potential triggers include:<\/p>\n\n\n\n<ul class=\"wp-block-list\">\n<li>physical exertion;<\/li>\n\n\n\n<li>psychological stress;<\/li>\n\n\n\n<li>sleep deprivation;<\/li>\n\n\n\n<li>another infection;<\/li>\n\n\n\n<li>vaccination;<\/li>\n\n\n\n<li>hormonal changes;<\/li>\n\n\n\n<li>metabolic stress.<\/li>\n<\/ul>\n\n\n\n<p class=\"wp-block-paragraph\">One possible mechanism is transient reactivation of persistent viruses.<\/p>\n\n\n\n<p class=\"wp-block-paragraph\">Another is autonomic dysregulation.<\/p>\n\n\n\n<p class=\"wp-block-paragraph\">Another is immune activation unrelated to viral replication.<\/p>\n\n\n\n<p class=\"wp-block-paragraph\">These mechanisms are not mutually exclusive.<\/p>\n\n\n\n<p class=\"wp-block-paragraph\">Future longitudinal studies should therefore obtain viral, immune and physiologic measurements <strong>during both symptomatic exacerbation and recovery<\/strong>.<\/p>\n\n\n\n<p class=\"wp-block-paragraph\">That design could answer a crucial question:<\/p>\n\n\n\n<blockquote class=\"wp-block-quote is-layout-flow wp-block-quote-is-layout-flow\">\n<p class=\"wp-block-paragraph\">Does viral transcription increase before a relapse?<\/p>\n<\/blockquote>\n\n\n\n<p class=\"wp-block-paragraph\">If the answer is yes, the causal hypothesis becomes substantially stronger.<\/p>\n\n\n\n<hr class=\"wp-block-separator has-alpha-channel-opacity\"\/>\n\n\n\n<h5 class=\"wp-block-heading\">XXI. What Would Prove Causality?<\/h5>\n\n\n\n<p class=\"wp-block-paragraph\">The field needs to move beyond association.<\/p>\n\n\n\n<p class=\"wp-block-paragraph\">The strongest evidence would follow five steps.<\/p>\n\n\n\n<h5 class=\"wp-block-heading\">1. Temporal precedence<\/h5>\n\n\n\n<p class=\"wp-block-paragraph\">Viral reactivation must precede the relevant symptoms.<\/p>\n\n\n\n<h5 class=\"wp-block-heading\">2. Tissue localization<\/h5>\n\n\n\n<p class=\"wp-block-paragraph\">The virus must be demonstrated in a biologically relevant compartment.<\/p>\n\n\n\n<h5 class=\"wp-block-heading\">3. Functional effect<\/h5>\n\n\n\n<p class=\"wp-block-paragraph\">The viral activity must alter cellular or physiologic function.<\/p>\n\n\n\n<h5 class=\"wp-block-heading\">4. Phenotype specificity<\/h5>\n\n\n\n<p class=\"wp-block-paragraph\">The effect should correspond to a recognizable clinical phenotype.<\/p>\n\n\n\n<h5 class=\"wp-block-heading\">5. Therapeutic reversal<\/h5>\n\n\n\n<p class=\"wp-block-paragraph\">Suppressing the virus should improve the phenotype.<\/p>\n\n\n\n<p class=\"wp-block-paragraph\">The fifth criterion is decisive.<\/p>\n\n\n\n<p class=\"wp-block-paragraph\">If EBV-positive patients with fatigue improve consistently after a well-designed EBV-directed intervention, causality becomes compelling.<\/p>\n\n\n\n<p class=\"wp-block-paragraph\">If they do not, EBV may be a biomarker rather than a driver.<\/p>\n\n\n\n<hr class=\"wp-block-separator has-alpha-channel-opacity\"\/>\n\n\n\n<h5 class=\"wp-block-heading\">XXII. Why Antiviral Therapy Is Not Yet Established Treatment<\/h5>\n\n\n\n<p class=\"wp-block-paragraph\">The biological hypothesis is attractive enough that some clinicians and patients have experimented with antiviral therapy.<\/p>\n\n\n\n<p class=\"wp-block-paragraph\">That does not constitute evidence of efficacy.<\/p>\n\n\n\n<p class=\"wp-block-paragraph\">Antivirals such as acyclovir, valacyclovir, ganciclovir and valganciclovir have distinct targets, pharmacology and toxicities.<\/p>\n\n\n\n<p class=\"wp-block-paragraph\">There is currently insufficient evidence to recommend routine treatment of long COVID on the basis of presumed EBV or CMV reactivation.<\/p>\n\n\n\n<p class=\"wp-block-paragraph\">The 2026 international clinical guideline continues to emphasize evidence-based diagnosis and individualized management rather than routine antiviral treatment for presumed latent-virus reactivation.\u00b9\u2076<\/p>\n\n\n\n<p class=\"wp-block-paragraph\">This is an area in which rigorous clinical trials are urgently needed.<\/p>\n\n\n\n<hr class=\"wp-block-separator has-alpha-channel-opacity\"\/>\n\n\n\n<h5 class=\"wp-block-heading\">XXIII. A Better Clinical-Trial Strategy<\/h5>\n\n\n\n<p class=\"wp-block-paragraph\">Future trials should not enroll all patients with long COVID as though they possess the same disease.<\/p>\n\n\n\n<p class=\"wp-block-paragraph\">Instead, patients should be stratified biologically.<\/p>\n\n\n\n<h5 class=\"wp-block-heading\">EBV-positive phenotype<\/h5>\n\n\n\n<p class=\"wp-block-paragraph\">Possible characteristics:<\/p>\n\n\n\n<ul class=\"wp-block-list\">\n<li>EBV transcription;<\/li>\n\n\n\n<li>EBV DNA;<\/li>\n\n\n\n<li>compatible antibody profile;<\/li>\n\n\n\n<li>fatigue;<\/li>\n\n\n\n<li>cognitive symptoms.<\/li>\n<\/ul>\n\n\n\n<h5 class=\"wp-block-heading\">CMV-positive phenotype<\/h5>\n\n\n\n<p class=\"wp-block-paragraph\">Possible characteristics:<\/p>\n\n\n\n<ul class=\"wp-block-list\">\n<li>CMV transcription;<\/li>\n\n\n\n<li>vascular or inflammatory phenotype;<\/li>\n\n\n\n<li>immune-cell abnormalities.<\/li>\n<\/ul>\n\n\n\n<h5 class=\"wp-block-heading\">HSV-positive neurological phenotype<\/h5>\n\n\n\n<p class=\"wp-block-paragraph\">Possible characteristics:<\/p>\n\n\n\n<ul class=\"wp-block-list\">\n<li>evidence of HSV activity;<\/li>\n\n\n\n<li>neuropathic symptoms;<\/li>\n\n\n\n<li>autonomic dysfunction;<\/li>\n\n\n\n<li>compatible neurological physiology.<\/li>\n<\/ul>\n\n\n\n<h5 class=\"wp-block-heading\">Anellovirus-associated phenotype<\/h5>\n\n\n\n<p class=\"wp-block-paragraph\">Possible characteristics:<\/p>\n\n\n\n<ul class=\"wp-block-list\">\n<li>persistent Anelloviridae activity;<\/li>\n\n\n\n<li>fatigue;<\/li>\n\n\n\n<li>physical-function impairment.<\/li>\n<\/ul>\n\n\n\n<p class=\"wp-block-paragraph\">Such trials could determine whether specific viruses are:<\/p>\n\n\n\n<p class=\"wp-block-paragraph\"><strong>drivers, amplifiers, biomarkers, or innocent bystanders.<\/strong><\/p>\n\n\n\n<hr class=\"wp-block-separator has-alpha-channel-opacity\"\/>\n\n\n\n<h5 class=\"wp-block-heading\">XXIV. The Importance of Tissue<\/h5>\n\n\n\n<p class=\"wp-block-paragraph\">The next generation of research must move beyond blood.<\/p>\n\n\n\n<p class=\"wp-block-paragraph\">Blood is convenient but biologically incomplete.<\/p>\n\n\n\n<p class=\"wp-block-paragraph\">A virus can persist in:<\/p>\n\n\n\n<ul class=\"wp-block-list\">\n<li>B cells;<\/li>\n\n\n\n<li>lymph nodes;<\/li>\n\n\n\n<li>gut;<\/li>\n\n\n\n<li>endothelial compartments;<\/li>\n\n\n\n<li>respiratory tissues;<\/li>\n\n\n\n<li>sensory ganglia;<\/li>\n\n\n\n<li>or other anatomical reservoirs.<\/li>\n<\/ul>\n\n\n\n<p class=\"wp-block-paragraph\">A negative blood PCR does not exclude localized viral activity.<\/p>\n\n\n\n<p class=\"wp-block-paragraph\">The ideal future study would combine:<\/p>\n\n\n\n<ul class=\"wp-block-list\">\n<li>blood;<\/li>\n\n\n\n<li>saliva;<\/li>\n\n\n\n<li>stool;<\/li>\n\n\n\n<li>respiratory specimens;<\/li>\n\n\n\n<li>immune-cell fractions;<\/li>\n\n\n\n<li>tissue when clinically justified;<\/li>\n\n\n\n<li>cell-free DNA\/RNA;<\/li>\n\n\n\n<li>viral transcriptomics;<\/li>\n\n\n\n<li>proteomics;<\/li>\n\n\n\n<li>and longitudinal symptom measurement.<\/li>\n<\/ul>\n\n\n\n<p class=\"wp-block-paragraph\">The objective is not merely to find a virus.<\/p>\n\n\n\n<p class=\"wp-block-paragraph\">It is to establish the relationship:<\/p>\n\n\n\n<p class=\"wp-block-paragraph\"><strong>virus \u2192 tissue \u2192 molecular effect \u2192 physiologic consequence \u2192 symptom.<\/strong><\/p>\n\n\n\n<hr class=\"wp-block-separator has-alpha-channel-opacity\"\/>\n\n\n\n<h5 class=\"wp-block-heading\">XXV. Viral Reactivation as Part of a Larger Disease Network<\/h5>\n\n\n\n<p class=\"wp-block-paragraph\">The most plausible model is not that viral reactivation explains all long COVID.<\/p>\n\n\n\n<p class=\"wp-block-paragraph\">Rather, it may interact with several other mechanisms.<\/p>\n\n\n\n<h5 class=\"wp-block-heading\">Persistent SARS-CoV-2<\/h5>\n\n\n\n<p class=\"wp-block-paragraph\">Provides continuing antigenic stimulation.<\/p>\n\n\n\n<h5 class=\"wp-block-heading\">Viral reactivation<\/h5>\n\n\n\n<p class=\"wp-block-paragraph\">Adds secondary antigenic stimulation.<\/p>\n\n\n\n<h5 class=\"wp-block-heading\">Autoimmunity<\/h5>\n\n\n\n<p class=\"wp-block-paragraph\">Produces tissue-directed immune responses.<\/p>\n\n\n\n<h5 class=\"wp-block-heading\">Endothelial dysfunction<\/h5>\n\n\n\n<p class=\"wp-block-paragraph\">Impedes microvascular physiology.<\/p>\n\n\n\n<h5 class=\"wp-block-heading\">Autonomic dysfunction<\/h5>\n\n\n\n<p class=\"wp-block-paragraph\">Disturbs cardiovascular and gastrointestinal regulation.<\/p>\n\n\n\n<h5 class=\"wp-block-heading\">Mitochondrial dysfunction<\/h5>\n\n\n\n<p class=\"wp-block-paragraph\">Reduces metabolic reserve.<\/p>\n\n\n\n<h5 class=\"wp-block-heading\">Microbiome disturbance<\/h5>\n\n\n\n<p class=\"wp-block-paragraph\">Changes mucosal immunity and systemic signaling.<\/p>\n\n\n\n<p class=\"wp-block-paragraph\">The resulting network might look like:<\/p>\n\n\n\n<p class=\"wp-block-paragraph\"><strong>SARS-CoV-2<\/strong><\/p>\n\n\n\n<p class=\"wp-block-paragraph\">\u2193<\/p>\n\n\n\n<p class=\"wp-block-paragraph\"><strong>immune dysregulation<\/strong><\/p>\n\n\n\n<p class=\"wp-block-paragraph\">\u2199 \u2193 \u2198<\/p>\n\n\n\n<p class=\"wp-block-paragraph\"><strong>viral persistence<\/strong> \u2014 <strong>viral reactivation<\/strong> \u2014 <strong>autoimmunity<\/strong><\/p>\n\n\n\n<p class=\"wp-block-paragraph\">\u2193 \u2193 \u2193<\/p>\n\n\n\n<p class=\"wp-block-paragraph\"><strong>endothelial dysfunction<\/strong><\/p>\n\n\n\n<p class=\"wp-block-paragraph\">\u2193<\/p>\n\n\n\n<p class=\"wp-block-paragraph\"><strong>autonomic + metabolic + neurologic dysfunction<\/strong><\/p>\n\n\n\n<p class=\"wp-block-paragraph\">\u2193<\/p>\n\n\n\n<p class=\"wp-block-paragraph\"><strong>persistent multisystem disease<\/strong><\/p>\n\n\n\n<p class=\"wp-block-paragraph\">This model accommodates the extraordinary heterogeneity of long COVID.<\/p>\n\n\n\n<hr class=\"wp-block-separator has-alpha-channel-opacity\"\/>\n\n\n\n<h5 class=\"wp-block-heading\">XXVI. The Most Important Scientific Caveat<\/h5>\n\n\n\n<p class=\"wp-block-paragraph\">It is tempting to say:<\/p>\n\n\n\n<blockquote class=\"wp-block-quote is-layout-flow wp-block-quote-is-layout-flow\">\n<p class=\"wp-block-paragraph\">&#8220;EBV reactivation causes long COVID.&#8221;<\/p>\n<\/blockquote>\n\n\n\n<p class=\"wp-block-paragraph\">The evidence does not justify that statement.<\/p>\n\n\n\n<p class=\"wp-block-paragraph\">A more defensible conclusion is:<\/p>\n\n\n\n<blockquote class=\"wp-block-quote is-layout-flow wp-block-quote-is-layout-flow\">\n<p class=\"wp-block-paragraph\"><strong>SARS-CoV-2 infection can be associated with reactivation of persistent viruses, and accumulating evidence suggests that persistent or recurrent viral activity may contribute to chronic symptoms in a biologically defined subset of patients.<\/strong><\/p>\n<\/blockquote>\n\n\n\n<p class=\"wp-block-paragraph\">That distinction matters enormously.<\/p>\n\n\n\n<p class=\"wp-block-paragraph\">EBV infection is nearly ubiquitous.<\/p>\n\n\n\n<p class=\"wp-block-paragraph\">Therefore, the mere presence of EBV cannot explain why only some people develop long COVID.<\/p>\n\n\n\n<p class=\"wp-block-paragraph\">The critical variable may instead be:<\/p>\n\n\n\n<p class=\"wp-block-paragraph\"><strong>what the virus is doing, where it is doing it, when it is doing it, and how the host responds.<\/strong><\/p>\n\n\n\n<hr class=\"wp-block-separator has-alpha-channel-opacity\"\/>\n\n\n\n<h5 class=\"wp-block-heading\">XXVII. The Emerging Concept of a Post-SARS-CoV-2 Virome Disorder<\/h5>\n\n\n\n<p class=\"wp-block-paragraph\">Taken together, the evidence supports a broader hypothesis.<\/p>\n\n\n\n<p class=\"wp-block-paragraph\">SARS-CoV-2 may not simply cause a persistent disease of one virus.<\/p>\n\n\n\n<p class=\"wp-block-paragraph\">It may cause a <strong>disturbance of the host\u2013virome relationship<\/strong>.<\/p>\n\n\n\n<p class=\"wp-block-paragraph\">The normal state:<\/p>\n\n\n\n<p class=\"wp-block-paragraph\"><strong>persistent viruses + immune surveillance = equilibrium<\/strong><\/p>\n\n\n\n<p class=\"wp-block-paragraph\">After SARS-CoV-2:<\/p>\n\n\n\n<p class=\"wp-block-paragraph\"><strong>SARS-CoV-2 + altered immunity = virome instability<\/strong><\/p>\n\n\n\n<p class=\"wp-block-paragraph\">The consequences could include:<\/p>\n\n\n\n<ul class=\"wp-block-list\">\n<li>EBV reactivation;<\/li>\n\n\n\n<li>CMV reactivation;<\/li>\n\n\n\n<li>HSV reactivation;<\/li>\n\n\n\n<li>altered anellovirus activity;<\/li>\n\n\n\n<li>persistent SARS-CoV-2 antigen;<\/li>\n\n\n\n<li>autoimmune responses;<\/li>\n\n\n\n<li>endothelial inflammation;<\/li>\n\n\n\n<li>metabolic stress.<\/li>\n<\/ul>\n\n\n\n<p class=\"wp-block-paragraph\">The clinical syndrome would then represent the cumulative physiologic consequences of this altered ecosystem.<\/p>\n\n\n\n<p class=\"wp-block-paragraph\">This hypothesis explains why long COVID can look so different from one patient to another.<\/p>\n\n\n\n<hr class=\"wp-block-separator has-alpha-channel-opacity\"\/>\n\n\n\n<h5 class=\"wp-block-heading\">XXVIII. Conclusion<\/h5>\n\n\n\n<p class=\"wp-block-paragraph\">The viral-reactivation hypothesis has progressed considerably since the earliest observations of EBV antibodies in people with persistent symptoms after COVID-19.<\/p>\n\n\n\n<p class=\"wp-block-paragraph\">The most important advance has been methodological.<\/p>\n\n\n\n<p class=\"wp-block-paragraph\">Researchers are increasingly able to distinguish <strong>viral presence from viral activity<\/strong>, and viral activity from its consequences.<\/p>\n\n\n\n<p class=\"wp-block-paragraph\">Recent longitudinal multi-omic work demonstrates that SARS-CoV-2 infection can be accompanied by reactivation of several persistent viruses and that different viruses display distinct temporal trajectories.\u00b9 The association of persistent viral activity during convalescence with measures of long-COVID disease strengthens the possibility that secondary viral activity may participate in chronic pathogenesis.<\/p>\n\n\n\n<p class=\"wp-block-paragraph\">EBV remains the leading candidate because of its ubiquity, biology and relationship to immune dysregulation. CMV offers a plausible connection to endothelial and immune pathology. HSV provides a potential explanation for tissue-specific neurological phenomena that may not be visible in blood. Anelloviruses raise the possibility that changes in the broader human virome may themselves serve as biomarkers of immune dysfunction.<\/p>\n\n\n\n<p class=\"wp-block-paragraph\">But the central scientific question remains unresolved.<\/p>\n\n\n\n<p class=\"wp-block-paragraph\"><strong>Does viral reactivation cause long COVID, perpetuate it, amplify it, or simply mark the immune disturbance produced by SARS-CoV-2?<\/strong><\/p>\n\n\n\n<p class=\"wp-block-paragraph\">The answer will not come from another cross-sectional antibody study.<\/p>\n\n\n\n<p class=\"wp-block-paragraph\">It will require longitudinal sampling, tissue-specific viral transcriptomics, host genomics, single-cell immunology, functional experiments and, above all, randomized trials in biologically defined patients.<\/p>\n\n\n\n<p class=\"wp-block-paragraph\">If those studies demonstrate that suppressing a reactivated virus reverses a corresponding clinical phenotype, the consequences will be profound.<\/p>\n\n\n\n<p class=\"wp-block-paragraph\">Long COVID would no longer be conceptualized solely as a lingering aftermath of SARS-CoV-2.<\/p>\n\n\n\n<p class=\"wp-block-paragraph\">It would become, in some patients, a <strong>secondary postviral disorder of the human virome<\/strong>\u2014a disease in which the initial infection destabilizes a lifelong relationship between host and persistent viruses, allowing one or more normally controlled viral populations to become active participants in chronic disease.<\/p>\n\n\n\n<p class=\"wp-block-paragraph\">That possibility is now sufficiently supported to warrant intensive investigation, but not yet sufficiently established to justify treating every patient with long COVID for an assumed latent-virus reactivation.<\/p>\n\n\n\n<p class=\"wp-block-paragraph\">The distinction between those two positions\u2014between <strong>biological plausibility and demonstrated causality<\/strong>\u2014is where the next decisive advances in long-COVID research will occur.<\/p>\n\n\n\n<hr class=\"wp-block-separator has-alpha-channel-opacity\"\/>\n\n\n\n<h5 class=\"wp-block-heading\">Numbered References<\/h5>\n\n\n\n<ol start=\"1\" class=\"wp-block-list\">\n<li>Maguire C, et al. Virus reactivation in acute and long COVID-19. <em>Nature<\/em>. 2026. Longitudinal multi-omic analysis of viral transcriptomics, host responses and clinical outcomes.<\/li>\n\n\n\n<li>Oba S, Hosoya T, Iwai H, Yasuda S. Long COVID: mechanisms of disease, multisystem sequelae, and prospects for treatment. <em>Immunol Med<\/em>. 2026;49:35-58.<\/li>\n\n\n\n<li>Vlaming-van Eijk LE, Tang G, Bourgonje AR, et al. Post-COVID-19 condition: clinical phenotypes, pathophysiological mechanisms, pathology, and management strategies. <em>J Pathol<\/em>. 2025;266:369-389.<\/li>\n\n\n\n<li>Damania B, Kenney SC, Raab-Traub N. Epstein-Barr virus: biology and clinical disease. <em>Cell<\/em>. 2022;185:3652-3670.<\/li>\n\n\n\n<li>Guo R, Gewurz BE. Epigenetic regulation of the Epstein-Barr virus latent-lytic switch. <em>J Med Virol<\/em>. 2026.<\/li>\n\n\n\n<li>Phetsouphanh C, Darley DR, Wilson DB, et al. Immunological dysfunction persists for 8 months following initial mild-to-moderate SARS-CoV-2 infection. <em>Nat Immunol<\/em>. 2022;23:210-216.<\/li>\n\n\n\n<li>Gold JE, Okyay RA, Licht WE, Hurley DJ. Investigation of long COVID prevalence and its relationship to Epstein-Barr virus reactivation. <em>Pathogens<\/em>. 2021;10:763.<\/li>\n\n\n\n<li>Peluso MJ, Deeks SG, Mustapic M, et al. SARS-CoV-2 and Epstein-Barr virus coinfection in association with post-acute sequelae of COVID-19. <em>J Clin Invest<\/em>. 2023.<\/li>\n\n\n\n<li>Farid E, et al. Epstein-Barr virus reactivation in post-COVID-19 patients with persistent symptoms. <em>Auris Nasus Larynx<\/em>. 2025;52:442-446.<\/li>\n\n\n\n<li>Wick N, Hermann M, Lisch C, et al. Clinical relevance of circulating blood microaggregates and reactivation of Epstein-Barr virus in long-term post-COVID syndrome patients. <em>Sci Rep<\/em>. 2026;16:12559.<\/li>\n\n\n\n<li>Gond\u00e9 A, Fournier B, Latour S. Human genetic and immunological determinants of Epstein-Barr virus-driven disease. <em>Curr Opin Virol<\/em>. 2026;76:101538.<\/li>\n\n\n\n<li>Lanz TV, Brewer RC, Ho PP, et al. Clonally expanded B cells in multiple sclerosis and Epstein-Barr virus biology. <em>Nature<\/em>. 2022;603:321-327.<\/li>\n\n\n\n<li>Greene C, et al. Blood-brain barrier disruption and sustained systemic inflammation in individuals with long COVID-associated cognitive impairment. <em>Nat Neurosci<\/em>. 2024.<\/li>\n\n\n\n<li>Population-scale sequencing resolves determinants of persistent Epstein-Barr virus DNA. <em>Nature<\/em>. 2026.<\/li>\n\n\n\n<li>EBV genome variations and association with diseases. <em>J Med Virol<\/em>. 2026.<\/li>\n\n\n\n<li>Cao B, Soriano JB, Wang Q, et al. Clinical practice guideline for long COVID prevention and treatment. <em>Eur Respir J<\/em>. 2026;68:2502611.<\/li>\n\n\n\n<li>G\u00e1sp\u00e1r Z, Szab\u00f3 BG, Cegl\u00e9di A, Lakatos B. Human herpesvirus reactivation and its potential role in the pathogenesis of post-acute sequelae of SARS-CoV-2 infection. <em>Geroscience<\/em>. 2025;47:167-187.<\/li>\n\n\n\n<li>Clinical and mechanistic literature on viral-induced autoimmunity, including molecular mimicry, bystander activation and epitope spreading. <em>Hum Immunol<\/em>. 2026.<\/li>\n<\/ol>\n","protected":false},"excerpt":{"rendered":"<p>Abstract Long COVID, or post-acute sequelae of SARS-CoV-2 infection (PASC), is increasingly understood as a heterogeneous biological syndrome rather than the nonspecific residue of an acute respiratory illness. Among the [&hellip;]<\/p>\n","protected":false},"author":2,"featured_media":15785,"comment_status":"open","ping_status":"open","sticky":false,"template":"","format":"standard","meta":{"footnotes":""},"categories":[1524,1240,152,214,1523,1525,1521,1522],"tags":[],"class_list":["post-15766","post","type-post","status-publish","format-standard","has-post-thumbnail","hentry","category-anelloviruse","category-cytomegalovirus","category-epstein-barr","category-herpes-simplex","category-human-virome","category-immune-misregulation","category-viral-reactivation","category-virome-dysregulation"],"_links":{"self":[{"href":"https:\/\/cov19longhaulfoundation.org\/index.php?rest_route=\/wp\/v2\/posts\/15766","targetHints":{"allow":["GET"]}}],"collection":[{"href":"https:\/\/cov19longhaulfoundation.org\/index.php?rest_route=\/wp\/v2\/posts"}],"about":[{"href":"https:\/\/cov19longhaulfoundation.org\/index.php?rest_route=\/wp\/v2\/types\/post"}],"author":[{"embeddable":true,"href":"https:\/\/cov19longhaulfoundation.org\/index.php?rest_route=\/wp\/v2\/users\/2"}],"replies":[{"embeddable":true,"href":"https:\/\/cov19longhaulfoundation.org\/index.php?rest_route=%2Fwp%2Fv2%2Fcomments&post=15766"}],"version-history":[{"count":4,"href":"https:\/\/cov19longhaulfoundation.org\/index.php?rest_route=\/wp\/v2\/posts\/15766\/revisions"}],"predecessor-version":[{"id":15784,"href":"https:\/\/cov19longhaulfoundation.org\/index.php?rest_route=\/wp\/v2\/posts\/15766\/revisions\/15784"}],"wp:featuredmedia":[{"embeddable":true,"href":"https:\/\/cov19longhaulfoundation.org\/index.php?rest_route=\/wp\/v2\/media\/15785"}],"wp:attachment":[{"href":"https:\/\/cov19longhaulfoundation.org\/index.php?rest_route=%2Fwp%2Fv2%2Fmedia&parent=15766"}],"wp:term":[{"taxonomy":"category","embeddable":true,"href":"https:\/\/cov19longhaulfoundation.org\/index.php?rest_route=%2Fwp%2Fv2%2Fcategories&post=15766"},{"taxonomy":"post_tag","embeddable":true,"href":"https:\/\/cov19longhaulfoundation.org\/index.php?rest_route=%2Fwp%2Fv2%2Ftags&post=15766"}],"curies":[{"name":"wp","href":"https:\/\/api.w.org\/{rel}","templated":true}]}}